{"id":4376,"date":"2025-06-05T14:04:13","date_gmt":"2025-06-05T12:04:13","guid":{"rendered":"https:\/\/www.ime.gpeajh.org\/?p=4376"},"modified":"2025-06-12T09:10:49","modified_gmt":"2025-06-12T07:10:49","slug":"projet-sante-a-lime-comprendre-le-corps-la-puberte-et-lintimite-pour-les-eleves-de-limpro","status":"publish","type":"post","link":"https:\/\/www.ime.gpeajh.org\/index.php\/2025\/06\/05\/projet-sante-a-lime-comprendre-le-corps-la-puberte-et-lintimite-pour-les-eleves-de-limpro\/","title":{"rendered":"Comprendre le corps, la pubert\u00e9 et l\u2019intimit\u00e9 pour les \u00e9l\u00e8ves de l\u2019IMPRO : Projet sant\u00e9 \u00e0 l\u2019IME"},"content":{"rendered":"<p>Au sein de l\u2019IME du GPEAJH, un projet sant\u00e9 a r\u00e9cemment \u00e9t\u00e9 men\u00e9 pilot\u00e9 par l\u2019infirmi\u00e8re, Julie, en partenariat avec Fanny du Planning Familial. Ce projet visait \u00e0 aborder des th\u00e9matiques essentielles pour le bien-\u00eatre des \u00e9l\u00e8ves adolescents.<\/p>\n<p>\u00c0 ce titre, le planning familial de Reims est intervenu aupr\u00e8s de l\u2019infirmi\u00e8re de l&rsquo;\u00e9tablissement le 23 mai 2025, et les 2 et 4 juin 2025 au sein des classes 4\/5 &amp; 6\/7. Les \u00e9l\u00e8ves internes ont \u00e9t\u00e9 particuli\u00e8rement impliqu\u00e9s, b\u00e9n\u00e9ficiant d\u2019un espace propice \u00e0 l\u2019\u00e9change et \u00e0 la r\u00e9flexion sur ces sujets.<\/p>\n<p style=\"font-weight: 400;\">Ce projet avait pour but de :<\/p>\n<ul>\n<li>Comprendre le fonctionnement du corps humain.<\/li>\n<li>Explorer les \u00e9tapes de la pubert\u00e9.<\/li>\n<li>Discuter de la notion d\u2019intimit\u00e9.<\/li>\n<li>Echanger sur les repr\u00e9sentations li\u00e9es \u00e0 la sexualit\u00e9, y compris les influences des films pornographiques.<\/li>\n<\/ul>\n<p>L\u2019infirmi\u00e8re joue un r\u00f4le cl\u00e9 dans l\u2019accompagnement des \u00e9l\u00e8ves, en offrant \u00e9coute, soutien et informations fiables sur la sant\u00e9.<\/p>\n<p>Julie : \u201cNous avons abord\u00e9 les sujets du corps humain, les changements que celui-ci subit durant la pubert\u00e9. Nous avons \u00e9galement expliqu\u00e9 le terme de consentement et l\u2019importance de savoir dire NON. Et enfin, pour ceux qui le souhaitaient nous avons pr\u00e9sent\u00e9 et manipul\u00e9 les diff\u00e9rents moyens de protections (pr\u00e9servatifs f\u00e9minins et masculins).<\/p>\n<p>Concernant le groupe internat, nous avons parl\u00e9 d\u2019intimit\u00e9, nous avons rappel\u00e9 les r\u00e8gles d\u2019une collectivit\u00e9 et l\u2019importance que chacun respecte son camarade et son espace priv\u00e9. Notre corps est \u00e0 nous, et nous ne pouvons pas l\u2019exposer \u00e0 la vue de tous. Nous avons \u00e9galement parl\u00e9 des sites pornographiques. Ce sont des films, la vraie vie est bien diff\u00e9rente !\u201d.<\/p>\n<p>L\u2019ensemble des jeunes ont appr\u00e9ci\u00e9 ces interventions, qui ont permis \u00e0 chacun de s\u2019exprimer sans tabou et de poser des questions.<\/p>\n<p>Pour Calvin : \u00ab C\u2019\u00e9tait bien. J\u2019ai appris des choses et je me suis rappel\u00e9 d\u2019autres choses. C\u2019\u00e9tait bien de parler du corps et aussi de reparler des pr\u00e9servatifs. \u00bb<\/p>\n<p>Pour Arthur : \u00ab J\u2019ai bien aim\u00e9, \u00e7a m\u2019a int\u00e9ress\u00e9. Je me rappelle qu\u2019on a parl\u00e9 qu\u2019il fallait respecter l\u2019intimit\u00e9 de tous, et que si on a besoin, on va dans notre chambre. \u00bb<\/p>\n<p>Ce projet a permis aux \u00e9l\u00e8ves de mieux comprendre leurs corps et leurs \u00e9motions, favorisant ainsi leur bien-\u00eatre et leur d\u00e9veloppement personnel.<\/p>\n<p>Remerciements \u00e0 Fanny, du planning familial, pour ces interventions tr\u00e8s enrichissantes.<\/p>\n<p><img fetchpriority=\"high\" decoding=\"async\" class=\"wp-image-4375 aligncenter\" src=\"https:\/\/www.ime.gpeajh.org\/wp-content\/uploads\/2025\/06\/Projet-sante-1024x859.jpg\" alt=\"\" width=\"557\" height=\"467\" data-id=\"4375\" srcset=\"https:\/\/www.ime.gpeajh.org\/wp-content\/uploads\/2025\/06\/Projet-sante-1024x859.jpg 1024w, https:\/\/www.ime.gpeajh.org\/wp-content\/uploads\/2025\/06\/Projet-sante-300x252.jpg 300w, https:\/\/www.ime.gpeajh.org\/wp-content\/uploads\/2025\/06\/Projet-sante-768x644.jpg 768w, https:\/\/www.ime.gpeajh.org\/wp-content\/uploads\/2025\/06\/Projet-sante.jpg 1026w\" sizes=\"(max-width: 557px) 100vw, 557px\" \/> <a href=\"https:\/\/www.planning-familial.org\/fr\/le-planning-familial-de-la-marne-51\" target=\"_blank\" rel=\"noopener\"><img decoding=\"async\" class=\"size-full wp-image-4377 aligncenter\" src=\"https:\/\/www.ime.gpeajh.org\/wp-content\/uploads\/2025\/06\/planning-familial-logo-aspect-ratio-5x3-1.png\" alt=\"\" width=\"538\" height=\"323\" data-id=\"4377\" srcset=\"https:\/\/www.ime.gpeajh.org\/wp-content\/uploads\/2025\/06\/planning-familial-logo-aspect-ratio-5x3-1.png 538w, https:\/\/www.ime.gpeajh.org\/wp-content\/uploads\/2025\/06\/planning-familial-logo-aspect-ratio-5x3-1-300x180.png 300w\" sizes=\"(max-width: 538px) 100vw, 538px\" \/><\/a><\/p>\n<p>&nbsp;<\/p>\n","protected":false},"excerpt":{"rendered":"<p>Au sein de l\u2019IME du GPEAJH, un projet sant\u00e9 a r\u00e9cemment \u00e9t\u00e9 men\u00e9 pilot\u00e9 par l\u2019infirmi\u00e8re, Julie, en partenariat avec Fanny du Planning Familial. Ce projet visait \u00e0 aborder des th\u00e9matiques essentielles pour le bien-\u00eatre des \u00e9l\u00e8ves adolescents. \u00c0 ce titre, le planning familial de Reims est intervenu aupr\u00e8s de l\u2019infirmi\u00e8re de l&rsquo;\u00e9tablissement le 23 [&hellip;]<\/p>\n","protected":false},"author":1,"featured_media":0,"comment_status":"closed","ping_status":"closed","sticky":false,"template":"","format":"standard","meta":{"footnotes":""},"categories":[15],"tags":[],"class_list":["post-4376","post","type-post","status-publish","format-standard","hentry","category-ime"],"_links":{"self":[{"href":"https:\/\/www.ime.gpeajh.org\/index.php\/wp-json\/wp\/v2\/posts\/4376","targetHints":{"allow":["GET"]}}],"collection":[{"href":"https:\/\/www.ime.gpeajh.org\/index.php\/wp-json\/wp\/v2\/posts"}],"about":[{"href":"https:\/\/www.ime.gpeajh.org\/index.php\/wp-json\/wp\/v2\/types\/post"}],"author":[{"embeddable":true,"href":"https:\/\/www.ime.gpeajh.org\/index.php\/wp-json\/wp\/v2\/users\/1"}],"replies":[{"embeddable":true,"href":"https:\/\/www.ime.gpeajh.org\/index.php\/wp-json\/wp\/v2\/comments?post=4376"}],"version-history":[{"count":4,"href":"https:\/\/www.ime.gpeajh.org\/index.php\/wp-json\/wp\/v2\/posts\/4376\/revisions"}],"predecessor-version":[{"id":4400,"href":"https:\/\/www.ime.gpeajh.org\/index.php\/wp-json\/wp\/v2\/posts\/4376\/revisions\/4400"}],"wp:attachment":[{"href":"https:\/\/www.ime.gpeajh.org\/index.php\/wp-json\/wp\/v2\/media?parent=4376"}],"wp:term":[{"taxonomy":"category","embeddable":true,"href":"https:\/\/www.ime.gpeajh.org\/index.php\/wp-json\/wp\/v2\/categories?post=4376"},{"taxonomy":"post_tag","embeddable":true,"href":"https:\/\/www.ime.gpeajh.org\/index.php\/wp-json\/wp\/v2\/tags?post=4376"}],"curies":[{"name":"wp","href":"https:\/\/api.w.org\/{rel}","templated":true}]}}