{"id":4243,"date":"2024-11-21T15:32:26","date_gmt":"2024-11-21T14:32:26","guid":{"rendered":"https:\/\/www.ime.gpeajh.org\/?p=4243"},"modified":"2024-11-21T15:35:56","modified_gmt":"2024-11-21T14:35:56","slug":"la-reussite-dun-partenariat-sportif-entre-lime-du-gpeajh-et-lunss","status":"publish","type":"post","link":"https:\/\/www.ime.gpeajh.org\/index.php\/2024\/11\/21\/la-reussite-dun-partenariat-sportif-entre-lime-du-gpeajh-et-lunss\/","title":{"rendered":"La r\u00e9ussite d\u2019un partenariat sportif entre l\u2019IME du GPEAJH et l\u2019UNSS"},"content":{"rendered":"<p><img fetchpriority=\"high\" decoding=\"async\" class=\"size-medium wp-image-4242 alignleft\" src=\"https:\/\/www.ime.gpeajh.org\/wp-content\/uploads\/2024\/11\/1-225x300.jpg\" alt=\"\" width=\"225\" height=\"300\" data-id=\"4242\" \/><\/p>\n<p>Organis\u00e9 depuis plusieurs ann\u00e9es par l\u2019Institut M\u00e9dico Educatif (IME) \u00ab Le Clos Villers\u00a0\u00bb en partenariat avec l\u2019Union Nationale du Sport Scolaire (UNSS), le cross du district rural de Reims aura connu un franc succ\u00e8s pour son \u00e9dition 2024.<\/p>\n<p>Plac\u00e9 sous le signe du respect et de l\u2019entraide, cet \u00e9v\u00e8nement sportif permet de r\u00e9unir tous les coll\u00e9giens du district rural et les \u00e9l\u00e8ves de l\u2019IME dans une ambiance festive o\u00f9 chacun donne le meilleur de soi m\u00eame et se surpasse.<\/p>\n<p><img decoding=\"async\" class=\"size-medium wp-image-4239 aligncenter\" src=\"https:\/\/www.ime.gpeajh.org\/wp-content\/uploads\/2024\/11\/P1160367-300x200.jpg\" alt=\"\" width=\"300\" height=\"200\" data-id=\"4239\" srcset=\"https:\/\/www.ime.gpeajh.org\/wp-content\/uploads\/2024\/11\/P1160367-300x200.jpg 300w, https:\/\/www.ime.gpeajh.org\/wp-content\/uploads\/2024\/11\/P1160367-1024x683.jpg 1024w, https:\/\/www.ime.gpeajh.org\/wp-content\/uploads\/2024\/11\/P1160367-768x512.jpg 768w, https:\/\/www.ime.gpeajh.org\/wp-content\/uploads\/2024\/11\/P1160367-1536x1025.jpg 1536w, https:\/\/www.ime.gpeajh.org\/wp-content\/uploads\/2024\/11\/P1160367-2048x1367.jpg 2048w\" sizes=\"(max-width: 300px) 100vw, 300px\" \/><\/p>\n<p>Gr\u00e2ce \u00e0 une organisation bien rod\u00e9e, orchestr\u00e9e par les \u00e9l\u00e8ves de l\u2019IME et par l\u2019ensemble des professionnels de l\u2019IME, 280 coll\u00e9giens accompagn\u00e9s de leurs professeurs ont pu \u00eatre accueillis le mercredi 6 novembre 2024 dans l\u2019enceinte de l\u2019\u00e9tablissement et sur une partie de la commune de Villers-Franqueux.<\/p>\n<p>4 courses \u00e9taient pr\u00e9vues au programme de cette \u00e9dition. Le d\u00e9but des courses a \u00e9t\u00e9 programm\u00e9 \u00e0 14h avec le d\u00e9part des benjamines suivi de leurs homologues de la cat\u00e9gorie sup\u00e9rieure \u00e0 14h15. Les jeunes filles ont parcouru une grande boucle d\u2019environ 1900 m\u00e8tres.<\/p>\n<p>A 14h35, c\u2019\u00e9tait au tour des benjamins de sillonner les chemins de terre puis pour finir les minimes gar\u00e7ons et les cadets ont parcouru environ 3600 m\u00e8tres.<\/p>\n<p>A l\u2019issue des courses, les plus jeunes \u00e9l\u00e8ves de l\u2019IME ont eu la responsabilit\u00e9 de remettre les m\u00e9dailles aux trois premiers de chaque cat\u00e9gorie. Les performances collectives ont \u00e9galement \u00e9t\u00e9 r\u00e9compens\u00e9es avec des troph\u00e9es pour les premiers par \u00e9quipe.<\/p>\n<p>Pour cl\u00f4turer cette journ\u00e9e de partage et de convivialit\u00e9 un go\u00fbter \u00ab\u00a0fait maison\u00a0\u00bb a \u00e9t\u00e9 offert par l\u2019IME \u00e0 tous les participants.<\/p>\n<p><img decoding=\"async\" class=\"size-medium wp-image-4241 aligncenter\" src=\"https:\/\/www.ime.gpeajh.org\/wp-content\/uploads\/2024\/11\/P1160509-300x200.jpg\" alt=\"\" width=\"300\" height=\"200\" data-id=\"4241\" srcset=\"https:\/\/www.ime.gpeajh.org\/wp-content\/uploads\/2024\/11\/P1160509-300x200.jpg 300w, https:\/\/www.ime.gpeajh.org\/wp-content\/uploads\/2024\/11\/P1160509-1024x683.jpg 1024w, https:\/\/www.ime.gpeajh.org\/wp-content\/uploads\/2024\/11\/P1160509-768x512.jpg 768w, https:\/\/www.ime.gpeajh.org\/wp-content\/uploads\/2024\/11\/P1160509-1536x1025.jpg 1536w, https:\/\/www.ime.gpeajh.org\/wp-content\/uploads\/2024\/11\/P1160509-2048x1367.jpg 2048w\" sizes=\"(max-width: 300px) 100vw, 300px\" \/><\/p>\n<p>Le cross de l\u2019IME du GPEAJH ouvre la saison hivernale du calendrier UNSS des cross.\u00a0 La prochaine \u00e9ch\u00e9ance qui attend nos jeunes sportifs est fix\u00e9e au Mercredi 20 Novembre 2024 au parc de Champagne de Reims o\u00f9 cette fois, l\u2019ensemble des coll\u00e8ges du d\u00e9partement de la Marne sont convi\u00e9s.<\/p>\n<p>A vos agendas\u00a0!<\/p>\n<p><img loading=\"lazy\" decoding=\"async\" class=\"size-medium wp-image-4240 aligncenter\" src=\"https:\/\/www.ime.gpeajh.org\/wp-content\/uploads\/2024\/11\/P1160463-300x200.jpg\" alt=\"\" width=\"300\" height=\"200\" data-id=\"4240\" srcset=\"https:\/\/www.ime.gpeajh.org\/wp-content\/uploads\/2024\/11\/P1160463-300x200.jpg 300w, https:\/\/www.ime.gpeajh.org\/wp-content\/uploads\/2024\/11\/P1160463-1024x683.jpg 1024w, https:\/\/www.ime.gpeajh.org\/wp-content\/uploads\/2024\/11\/P1160463-768x512.jpg 768w, https:\/\/www.ime.gpeajh.org\/wp-content\/uploads\/2024\/11\/P1160463-1536x1025.jpg 1536w, https:\/\/www.ime.gpeajh.org\/wp-content\/uploads\/2024\/11\/P1160463-2048x1367.jpg 2048w\" sizes=\"(max-width: 300px) 100vw, 300px\" \/><\/p>\n","protected":false},"excerpt":{"rendered":"<p>Organis\u00e9 depuis plusieurs ann\u00e9es par l\u2019Institut M\u00e9dico Educatif (IME) \u00ab Le Clos Villers\u00a0\u00bb en partenariat avec l\u2019Union Nationale du Sport Scolaire (UNSS), le cross du district rural de Reims aura connu un franc succ\u00e8s pour son \u00e9dition 2024. Plac\u00e9 sous le signe du respect et de l\u2019entraide, cet \u00e9v\u00e8nement sportif permet de r\u00e9unir tous les [&hellip;]<\/p>\n","protected":false},"author":73,"featured_media":4242,"comment_status":"closed","ping_status":"closed","sticky":false,"template":"","format":"standard","meta":{"footnotes":""},"categories":[],"tags":[],"class_list":["post-4243","post","type-post","status-publish","format-standard","has-post-thumbnail","hentry"],"_links":{"self":[{"href":"https:\/\/www.ime.gpeajh.org\/index.php\/wp-json\/wp\/v2\/posts\/4243","targetHints":{"allow":["GET"]}}],"collection":[{"href":"https:\/\/www.ime.gpeajh.org\/index.php\/wp-json\/wp\/v2\/posts"}],"about":[{"href":"https:\/\/www.ime.gpeajh.org\/index.php\/wp-json\/wp\/v2\/types\/post"}],"author":[{"embeddable":true,"href":"https:\/\/www.ime.gpeajh.org\/index.php\/wp-json\/wp\/v2\/users\/73"}],"replies":[{"embeddable":true,"href":"https:\/\/www.ime.gpeajh.org\/index.php\/wp-json\/wp\/v2\/comments?post=4243"}],"version-history":[{"count":4,"href":"https:\/\/www.ime.gpeajh.org\/index.php\/wp-json\/wp\/v2\/posts\/4243\/revisions"}],"predecessor-version":[{"id":4262,"href":"https:\/\/www.ime.gpeajh.org\/index.php\/wp-json\/wp\/v2\/posts\/4243\/revisions\/4262"}],"wp:featuredmedia":[{"embeddable":true,"href":"https:\/\/www.ime.gpeajh.org\/index.php\/wp-json\/wp\/v2\/media\/4242"}],"wp:attachment":[{"href":"https:\/\/www.ime.gpeajh.org\/index.php\/wp-json\/wp\/v2\/media?parent=4243"}],"wp:term":[{"taxonomy":"category","embeddable":true,"href":"https:\/\/www.ime.gpeajh.org\/index.php\/wp-json\/wp\/v2\/categories?post=4243"},{"taxonomy":"post_tag","embeddable":true,"href":"https:\/\/www.ime.gpeajh.org\/index.php\/wp-json\/wp\/v2\/tags?post=4243"}],"curies":[{"name":"wp","href":"https:\/\/api.w.org\/{rel}","templated":true}]}}