{"id":3105,"date":"2020-06-26T13:30:01","date_gmt":"2020-06-26T11:30:01","guid":{"rendered":"https:\/\/www.ime.gpeajh.org\/?p=3105"},"modified":"2020-06-22T09:14:32","modified_gmt":"2020-06-22T07:14:32","slug":"vis-ma-vie-a-lime-cuisinier","status":"publish","type":"post","link":"https:\/\/www.ime.gpeajh.org\/index.php\/2020\/06\/26\/vis-ma-vie-a-lime-cuisinier\/","title":{"rendered":"Vis ma vie \u00e0 l&rsquo;IME : Cuisinier"},"content":{"rendered":"<p style=\"text-align: center\">On continue notre s\u00e9rie de reportage sur les coulisses de l&rsquo;IME. Aujourd&rsquo;hui nous partons \u00e0 la rencontre de Freddy et S\u00e9bastien, les deux cuisiniers de l&rsquo;IME.<\/p>\n<p style=\"text-align: center\"><strong>Quelles sont vos missions au sein de l&rsquo;IME ?<\/strong><\/p>\n<p style=\"text-align: center\">Nous avons pour r\u00f4le de pr\u00e9parer les repas pour les \u00e9l\u00e8ves de l&rsquo;IME. On pr\u00e9pare le repas du midi mais aussi celui du soir pour les internes. On s&rsquo;occupe \u00e9galement du service en salle.<\/p>\n<figure id=\"attachment_3102\" aria-describedby=\"caption-attachment-3102\" style=\"width: 300px\" class=\"wp-caption aligncenter\"><img fetchpriority=\"high\" decoding=\"async\" class=\"size-medium wp-image-3102\" src=\"https:\/\/www.ime.gpeajh.org\/wp-content\/uploads\/2020\/06\/Chacun-sa-table-300x225.jpg\" alt=\"\" width=\"300\" height=\"225\" data-id=\"3102\" srcset=\"https:\/\/www.ime.gpeajh.org\/wp-content\/uploads\/2020\/06\/Chacun-sa-table-300x225.jpg 300w, https:\/\/www.ime.gpeajh.org\/wp-content\/uploads\/2020\/06\/Chacun-sa-table-1024x768.jpg 1024w, https:\/\/www.ime.gpeajh.org\/wp-content\/uploads\/2020\/06\/Chacun-sa-table-768x576.jpg 768w, https:\/\/www.ime.gpeajh.org\/wp-content\/uploads\/2020\/06\/Chacun-sa-table-1536x1152.jpg 1536w, https:\/\/www.ime.gpeajh.org\/wp-content\/uploads\/2020\/06\/Chacun-sa-table-2048x1536.jpg 2048w, https:\/\/www.ime.gpeajh.org\/wp-content\/uploads\/2020\/06\/Chacun-sa-table-136x102.jpg 136w\" sizes=\"(max-width: 300px) 100vw, 300px\" \/><figcaption id=\"caption-attachment-3102\" class=\"wp-caption-text\">Chacun sa table dans la cantine 2.0.<\/figcaption><\/figure>\n<p style=\"text-align: center\"><strong>Comment se d\u00e9roule votre journ\u00e9e ?<\/strong><\/p>\n<p style=\"text-align: center\">Actuellement nous n&rsquo;avons pas de journ\u00e9e type, chaque jour est diff\u00e9rent ! Parfois, le matin, nous faisons des convoyages. Ensuite nous pr\u00e9parons le repas puis servons les \u00e9l\u00e8ves. En ce moment il y a un premier service de 11h45 \u00e0 12h30 puis un second service de 12h45 \u00e0 13h30. Entre chaque service on d\u00e9sinfecte toutes les tables. L&rsquo;apr\u00e8s-midi on nettoie l&rsquo;ensemble du rez-de-chauss\u00e9e du ch\u00e2teau : la cantine, les tables, les chaises, la cuisine&#8230;<\/p>\n<figure id=\"attachment_3101\" aria-describedby=\"caption-attachment-3101\" style=\"width: 300px\" class=\"wp-caption aligncenter\"><img decoding=\"async\" class=\"size-medium wp-image-3101\" src=\"https:\/\/www.ime.gpeajh.org\/wp-content\/uploads\/2020\/06\/Apport-du-plateau-300x225.jpg\" alt=\"\" width=\"300\" height=\"225\" data-id=\"3101\" srcset=\"https:\/\/www.ime.gpeajh.org\/wp-content\/uploads\/2020\/06\/Apport-du-plateau-300x225.jpg 300w, https:\/\/www.ime.gpeajh.org\/wp-content\/uploads\/2020\/06\/Apport-du-plateau-1024x768.jpg 1024w, https:\/\/www.ime.gpeajh.org\/wp-content\/uploads\/2020\/06\/Apport-du-plateau-768x576.jpg 768w, https:\/\/www.ime.gpeajh.org\/wp-content\/uploads\/2020\/06\/Apport-du-plateau-1536x1152.jpg 1536w, https:\/\/www.ime.gpeajh.org\/wp-content\/uploads\/2020\/06\/Apport-du-plateau-2048x1536.jpg 2048w, https:\/\/www.ime.gpeajh.org\/wp-content\/uploads\/2020\/06\/Apport-du-plateau-136x102.jpg 136w\" sizes=\"(max-width: 300px) 100vw, 300px\" \/><figcaption id=\"caption-attachment-3101\" class=\"wp-caption-text\">Service \u00e0 table, comme au restaurant !<\/figcaption><\/figure>\n<p style=\"text-align: center\"><strong>Qu&rsquo;est-ce qui a chang\u00e9 dans votre travail avec l&rsquo;\u00e9pid\u00e9mie ?<\/strong><\/p>\n<p style=\"text-align: center\">Tout ! Maintenant on s&rsquo;occupe des convoyages en plus des repas. Il n&rsquo;y a plus de repas \u00e0 pr\u00e9parer pour le soir puisque l&rsquo;internat est ferm\u00e9. On a aussi beaucoup de protocoles mis en place pour respecter les mesures sanitaires. Par exemple, les repas sont servis sur des plateaux. On doit donc pr\u00e9parer des plateaux pour chaque jeune et lui amener \u00e0 table. Et maintenant on fait aussi le m\u00e9nage alors qu&rsquo;avant ce n&rsquo;\u00e9tait pas nous qui le faisions. En bref, on s&rsquo;adapte !<\/p>\n<figure id=\"attachment_3104\" aria-describedby=\"caption-attachment-3104\" style=\"width: 225px\" class=\"wp-caption alignleft\"><img decoding=\"async\" class=\"size-medium wp-image-3104\" src=\"https:\/\/www.ime.gpeajh.org\/wp-content\/uploads\/2020\/06\/Sens-de-circulation-225x300.jpg\" alt=\"\" width=\"225\" height=\"300\" data-id=\"3104\" srcset=\"https:\/\/www.ime.gpeajh.org\/wp-content\/uploads\/2020\/06\/Sens-de-circulation-225x300.jpg 225w, https:\/\/www.ime.gpeajh.org\/wp-content\/uploads\/2020\/06\/Sens-de-circulation-768x1024.jpg 768w, https:\/\/www.ime.gpeajh.org\/wp-content\/uploads\/2020\/06\/Sens-de-circulation-1152x1536.jpg 1152w, https:\/\/www.ime.gpeajh.org\/wp-content\/uploads\/2020\/06\/Sens-de-circulation-1536x2048.jpg 1536w, https:\/\/www.ime.gpeajh.org\/wp-content\/uploads\/2020\/06\/Sens-de-circulation-scaled.jpg 1920w\" sizes=\"(max-width: 225px) 100vw, 225px\" \/><figcaption id=\"caption-attachment-3104\" class=\"wp-caption-text\">Sens de circulation au sein de la cantine.<\/figcaption><\/figure>\n<figure id=\"attachment_3103\" aria-describedby=\"caption-attachment-3103\" style=\"width: 300px\" class=\"wp-caption alignright\"><img loading=\"lazy\" decoding=\"async\" class=\"size-medium wp-image-3103\" src=\"https:\/\/www.ime.gpeajh.org\/wp-content\/uploads\/2020\/06\/pr\u00e9paration-plateau-300x225.jpg\" alt=\"\" width=\"300\" height=\"225\" data-id=\"3103\" srcset=\"https:\/\/www.ime.gpeajh.org\/wp-content\/uploads\/2020\/06\/pr\u00e9paration-plateau-300x225.jpg 300w, https:\/\/www.ime.gpeajh.org\/wp-content\/uploads\/2020\/06\/pr\u00e9paration-plateau-1024x768.jpg 1024w, https:\/\/www.ime.gpeajh.org\/wp-content\/uploads\/2020\/06\/pr\u00e9paration-plateau-768x576.jpg 768w, https:\/\/www.ime.gpeajh.org\/wp-content\/uploads\/2020\/06\/pr\u00e9paration-plateau-1536x1152.jpg 1536w, https:\/\/www.ime.gpeajh.org\/wp-content\/uploads\/2020\/06\/pr\u00e9paration-plateau-2048x1536.jpg 2048w, https:\/\/www.ime.gpeajh.org\/wp-content\/uploads\/2020\/06\/pr\u00e9paration-plateau-136x102.jpg 136w\" sizes=\"(max-width: 300px) 100vw, 300px\" \/><figcaption id=\"caption-attachment-3103\" class=\"wp-caption-text\">Pr\u00e9paration des plateaux.<\/figcaption><\/figure>\n<p>&nbsp;<\/p>\n<p>&nbsp;<\/p>\n<p>&nbsp;<\/p>\n<p>&nbsp;<\/p>\n<p>&nbsp;<\/p>\n<p>&nbsp;<\/p>\n<p>&nbsp;<\/p>\n<p>&nbsp;<\/p>\n<p>&nbsp;<\/p>\n","protected":false},"excerpt":{"rendered":"<p>On continue notre s\u00e9rie de reportage sur les coulisses de l&rsquo;IME. Aujourd&rsquo;hui nous partons \u00e0 la rencontre de Freddy et S\u00e9bastien, les deux cuisiniers de l&rsquo;IME. Quelles sont vos missions au sein de l&rsquo;IME ? Nous avons pour r\u00f4le de pr\u00e9parer les repas pour les \u00e9l\u00e8ves de l&rsquo;IME. On pr\u00e9pare le repas du midi mais [&hellip;]<\/p>\n","protected":false},"author":1,"featured_media":3052,"comment_status":"closed","ping_status":"closed","sticky":false,"template":"","format":"standard","meta":{"footnotes":""},"categories":[15],"tags":[21,37],"class_list":["post-3105","post","type-post","status-publish","format-standard","has-post-thumbnail","hentry","category-ime","tag-a-savoir","tag-interview"],"_links":{"self":[{"href":"https:\/\/www.ime.gpeajh.org\/index.php\/wp-json\/wp\/v2\/posts\/3105","targetHints":{"allow":["GET"]}}],"collection":[{"href":"https:\/\/www.ime.gpeajh.org\/index.php\/wp-json\/wp\/v2\/posts"}],"about":[{"href":"https:\/\/www.ime.gpeajh.org\/index.php\/wp-json\/wp\/v2\/types\/post"}],"author":[{"embeddable":true,"href":"https:\/\/www.ime.gpeajh.org\/index.php\/wp-json\/wp\/v2\/users\/1"}],"replies":[{"embeddable":true,"href":"https:\/\/www.ime.gpeajh.org\/index.php\/wp-json\/wp\/v2\/comments?post=3105"}],"version-history":[{"count":7,"href":"https:\/\/www.ime.gpeajh.org\/index.php\/wp-json\/wp\/v2\/posts\/3105\/revisions"}],"predecessor-version":[{"id":3112,"href":"https:\/\/www.ime.gpeajh.org\/index.php\/wp-json\/wp\/v2\/posts\/3105\/revisions\/3112"}],"wp:featuredmedia":[{"embeddable":true,"href":"https:\/\/www.ime.gpeajh.org\/index.php\/wp-json\/wp\/v2\/media\/3052"}],"wp:attachment":[{"href":"https:\/\/www.ime.gpeajh.org\/index.php\/wp-json\/wp\/v2\/media?parent=3105"}],"wp:term":[{"taxonomy":"category","embeddable":true,"href":"https:\/\/www.ime.gpeajh.org\/index.php\/wp-json\/wp\/v2\/categories?post=3105"},{"taxonomy":"post_tag","embeddable":true,"href":"https:\/\/www.ime.gpeajh.org\/index.php\/wp-json\/wp\/v2\/tags?post=3105"}],"curies":[{"name":"wp","href":"https:\/\/api.w.org\/{rel}","templated":true}]}}